{"id":8632,"date":"2014-01-28T09:30:25","date_gmt":"2014-01-28T08:30:25","guid":{"rendered":"https:\/\/www.debitos.de\/blog\/?p=8632"},"modified":"2014-01-28T09:30:25","modified_gmt":"2014-01-28T08:30:25","slug":"prokon-insolvenz-sorgt-bei-anlegern-fur-herbe-verluste","status":"publish","type":"post","link":"https:\/\/www.debitos.com\/de\/news\/prokon-insolvenz-sorgt-bei-anlegern-fur-herbe-verluste\/","title":{"rendered":"Prokon-Insolvenz sorgt bei Anlegern f\u00fcr herbe Verluste"},"content":{"rendered":"<p>Lange dauerte der \u00f6ffentlich gef\u00fchrte \u00dcberlebenskampf des Windanlagen-Finanzierers Prokon. Nun hat\u00a0<a title=\"Tagesschau - Insolvente Windkraftfirma: Kein Schutzschirm f\u00fcr den Prokon-Chef\" href=\"http:\/\/www.tagesschau.de\/wirtschaft\/prokon152.html\" target=\"_blank\">Prokon Insolvenz angemeldet<\/a>\u00a0\u2013 und das entgegen der W\u00fcnsche des Unternehmensgr\u00fcnder Carsten Rodbertus nicht in Eigenregie. Somit sind beide Pl\u00e4ne von Gesch\u00e4ftsf\u00fchrer Rodbertus gescheitert, denn weder konnte er die Insolvenz abwenden, noch ist es ihm gelungen, ein Insolvenzverfahren nach dem <a title=\"Debitos Blog - Ab 1. M\u00e4rz 2012 gilt das neue Insolvenzrecht\" href=\"http:\/\/blog.debitos.de\/2012\/02\/29\/ab-1-marz-2012-gilt-das-neue-insolvenzrecht\/\" target=\"_blank\">ESUG<\/a> zu beantragen und somit zumindest einen Teil der Kontrolle auch in der Insolvenz zu behalten. Den Anlegern mag es da wie Hohn erscheinen, wenn Prokon schreibt, das Unternehmen sei\u00a0<em>\u201enach wie vor operativ gut aufgestellt\u201c<\/em>. Schlie\u00dflich haben viele Kleinanleger hochspekulative Genussscheine gezeichnet und stehen nun vor einem m\u00f6glichen Totalverlust.<br \/>\n<strong>In Windeseile in die Insolvenz. Und dann war da noch der Wald in Rum\u00e4nien<\/strong><br \/>\nAuch wenn erste <a title=\"S\u00fcddeutsche Zeitung - Prokon-Windparks finden ersten Interessenten\" href=\"http:\/\/www.sueddeutsche.de\/news\/wirtschaft\/finanzen-prokon-windparks-finden-ersten-interessenten-1634925\" target=\"_blank\">Gespr\u00e4che \u00fcber den Verkauf einzelner Windparks vielversprechend<\/a> verlaufen, scheint die Lage der rund 75.000 Kleinanleger und ihrer in Prokon-Genussrechten angelegten 1,4 Milliarden Euro aussichtslos. Denn Genussscheine sind hybride Wertpapiere, die sowohl Eigenschaften von Eigenkapital als auch von Fremdkapital haben. So wird der Inhaber eines Genussscheins im Falle der Insolvenz zu einem nachrangig zu behandelnden Gl\u00e4ubiger \u2013 dessen Forderung erst dann bedient wird, wenn alle anderen Verbindlichkeiten beglichen wurden. Besonders prek\u00e4r erscheint vor diesem Hintergrund die j\u00fcngste Nachricht, dass <a title=\"Die Welt - Prokon droht Millionenverlust im rum\u00e4nischen Wald\" href=\"http:\/\/www.welt.de\/wirtschaft\/article124216009\/Prokon-droht-Millionenverlust-im-rumaenischen-Wald.html\" target=\"_blank\">Prokon f\u00fcr 80 Mio. Euro Wald in Rum\u00e4nien gekauft und dies mit Anlegergeldern bezahlt<\/a> hat. Es stellt sich die Frage, inwieweit das Investment in rum\u00e4nische Waldfl\u00e4chen zum Gesch\u00e4ftszweck von Prokon geh\u00f6rt. Deshalb wurde f\u00fcr den Wald-Kauf auch eine eigene Firma von Prokon-Gr\u00fcnder Rodbertus und seinen Gesch\u00e4ftspartnern gegr\u00fcndet, die formal unabh\u00e4ngig von Prokon ist. Warum trotz der formellen Unabh\u00e4ngigkeit aber Prokon Anlegergelder f\u00fcr den Kauf verwendet werden konnten, wird der Insolvenzverwalter kl\u00e4ren m\u00fcssen.<\/p>\n","protected":false},"excerpt":{"rendered":"Lange dauerte der \u00f6ffentlich gef\u00fchrte \u00dcberlebenskampf des Windanlagen-Finanzierers Prokon. Nun hat\u00a0Prokon Insolvenz angemeldet\u00a0\u2013 und das entgegen der W\u00fcnsche des Unternehmensgr\u00fcnder Carsten Rodbertus nicht in Eigenregie. Somit sind beide Pl\u00e4ne von Gesch\u00e4ftsf\u00fchrer Rodbertus gescheitert, denn weder konnte er die Insolvenz abwenden, noch ist es ihm gelungen, ein Insolvenzverfahren nach dem ESUG zu beantragen und somit zumindest&#8230; <a class=\"view-article\" href=\"https:\/\/www.debitos.com\/de\/news\/prokon-insolvenz-sorgt-bei-anlegern-fur-herbe-verluste\/\">mehr erfahren<\/a>","protected":false},"author":3,"featured_media":0,"comment_status":"open","ping_status":"open","sticky":false,"template":"","format":"standard","meta":{"footnotes":""},"categories":[2],"tags":[10,11,67,34,73],"class_list":["post-8632","post","type-post","status-publish","format-standard","hentry","category-nachrichten-de","tag-forderungsverkauf","tag-insolvenz","tag-konjunktur","tag-liquiditat","tag-working-capital-management"],"acf":[],"_links":{"self":[{"href":"https:\/\/www.debitos.com\/de\/wp-json\/wp\/v2\/posts\/8632","targetHints":{"allow":["GET"]}}],"collection":[{"href":"https:\/\/www.debitos.com\/de\/wp-json\/wp\/v2\/posts"}],"about":[{"href":"https:\/\/www.debitos.com\/de\/wp-json\/wp\/v2\/types\/post"}],"author":[{"embeddable":true,"href":"https:\/\/www.debitos.com\/de\/wp-json\/wp\/v2\/users\/3"}],"replies":[{"embeddable":true,"href":"https:\/\/www.debitos.com\/de\/wp-json\/wp\/v2\/comments?post=8632"}],"version-history":[{"count":0,"href":"https:\/\/www.debitos.com\/de\/wp-json\/wp\/v2\/posts\/8632\/revisions"}],"wp:attachment":[{"href":"https:\/\/www.debitos.com\/de\/wp-json\/wp\/v2\/media?parent=8632"}],"wp:term":[{"taxonomy":"category","embeddable":true,"href":"https:\/\/www.debitos.com\/de\/wp-json\/wp\/v2\/categories?post=8632"},{"taxonomy":"post_tag","embeddable":true,"href":"https:\/\/www.debitos.com\/de\/wp-json\/wp\/v2\/tags?post=8632"}],"curies":[{"name":"wp","href":"https:\/\/api.w.org\/{rel}","templated":true}]}}