{"id":7139,"date":"2013-09-02T15:00:38","date_gmt":"2013-09-02T13:00:38","guid":{"rendered":"https:\/\/www.debitos.de\/blog\/?p=7139"},"modified":"2013-09-02T15:00:38","modified_gmt":"2013-09-02T13:00:38","slug":"debitos-auf-dem-efcom-factoring-symposium-2013","status":"publish","type":"post","link":"https:\/\/www.debitos.com\/de\/news\/debitos-auf-dem-efcom-factoring-symposium-2013\/","title":{"rendered":"Debitos auf dem efcom Factoring Symposium 2013"},"content":{"rendered":"<p><strong>Am 26. September<\/strong> l\u00e4dt die efcom GmbH ihre Kunden und Partner zu ihrem allj\u00e4hrlichen Branchentreff f\u00fcr die IT- und Businesswelt in die Unternehmenszentrale nach Neu-Isenburg ein. Am Firmenstammsitz werden im Rahmen des <a title=\"efcom - Factoring Symposium 2013\" href=\"http:\/\/www.efcom.de\/factoring-symposium-2013.html\" target=\"_blank\">Factoring Symposium 2013<\/a> an diesem Tag aktuelle Themen wie Compliance, efweb (Factoringl\u00f6sung f\u00fcr das Web), Reverse Factoring und vieles mehr besprochen werden.<br \/>\nAuch die <a title=\"Debitos - Die Forderungsb\u00f6rse\" href=\"http:\/\/www.debitos.de\" target=\"_blank\">Debitos GmbH<\/a> wird wieder mit ihrem Gesch\u00e4ftsf\u00fchrer Herrn Timur Peters und dem Business Consultant Herrn Matthias Becker vertreten sein. Bei dieser Veranstaltung soll auch ein Workshop zum Thema <strong><em>\u201eNeue Chancen f\u00fcr Factoring-Unternehmen durch Onlineb\u00f6rsen\u201c<\/em><\/strong> stattfinden, bei denen neue Entwicklungen und Innovationen auf der Online-Forderungsb\u00f6rse vorgestellt und gemeinsam mit den Teilnehmern besprochen werden. Auf der Debitos Forderungsb\u00f6rse werden bei mehr als 220 zugelassenen K\u00e4ufern, davon ca. 20 auf der Plattform registrierten Factoring-Unternehmen, auch verst\u00e4rkt k\u00fcnftig f\u00e4llige Forderungen gehandelt.<br \/>\nSie k\u00f6nnen dort die Entscheider und Fachspezialisten aus der Branche treffen, in den Pausen kann man sich mit Experten und Anwendern n\u00e4her unterhalten und schlie\u00dflich bei einem Buffet in entspannter Atmosph\u00e4re die Veranstaltung ausklingen lassen.\u00a0<strong>Wir freuen uns auf ein spannendes Event und auf Ihre Teilnahme!<\/strong><br \/>\nF\u00fcr weitere Ausk\u00fcnfte stehen Ihnen gerne unsere Ansprechpartner f\u00fcr K\u00e4ufer und Factoringunternehmen Herr Matthias Becker (<a href=\"mailto:becker@debitos.de\">becker@debitos.de<\/a>) oder Herr Timur Peters (<a href=\"mailto:peters@debitos.de\">peters@debitos.de<\/a>) zur Verf\u00fcgung.<\/p>\n","protected":false},"excerpt":{"rendered":"Am 26. September l\u00e4dt die efcom GmbH ihre Kunden und Partner zu ihrem allj\u00e4hrlichen Branchentreff f\u00fcr die IT- und Businesswelt in die Unternehmenszentrale nach Neu-Isenburg ein. Am Firmenstammsitz werden im Rahmen des Factoring Symposium 2013 an diesem Tag aktuelle Themen wie Compliance, efweb (Factoringl\u00f6sung f\u00fcr das Web), Reverse Factoring und vieles mehr besprochen werden. Auch&#8230; <a class=\"view-article\" href=\"https:\/\/www.debitos.com\/de\/news\/debitos-auf-dem-efcom-factoring-symposium-2013\/\">mehr erfahren<\/a>","protected":false},"author":3,"featured_media":0,"comment_status":"open","ping_status":"open","sticky":false,"template":"","format":"standard","meta":{"footnotes":""},"categories":[26],"tags":[7],"class_list":["post-7139","post","type-post","status-publish","format-standard","hentry","category-events","tag-debitos"],"acf":[],"_links":{"self":[{"href":"https:\/\/www.debitos.com\/de\/wp-json\/wp\/v2\/posts\/7139","targetHints":{"allow":["GET"]}}],"collection":[{"href":"https:\/\/www.debitos.com\/de\/wp-json\/wp\/v2\/posts"}],"about":[{"href":"https:\/\/www.debitos.com\/de\/wp-json\/wp\/v2\/types\/post"}],"author":[{"embeddable":true,"href":"https:\/\/www.debitos.com\/de\/wp-json\/wp\/v2\/users\/3"}],"replies":[{"embeddable":true,"href":"https:\/\/www.debitos.com\/de\/wp-json\/wp\/v2\/comments?post=7139"}],"version-history":[{"count":0,"href":"https:\/\/www.debitos.com\/de\/wp-json\/wp\/v2\/posts\/7139\/revisions"}],"wp:attachment":[{"href":"https:\/\/www.debitos.com\/de\/wp-json\/wp\/v2\/media?parent=7139"}],"wp:term":[{"taxonomy":"category","embeddable":true,"href":"https:\/\/www.debitos.com\/de\/wp-json\/wp\/v2\/categories?post=7139"},{"taxonomy":"post_tag","embeddable":true,"href":"https:\/\/www.debitos.com\/de\/wp-json\/wp\/v2\/tags?post=7139"}],"curies":[{"name":"wp","href":"https:\/\/api.w.org\/{rel}","templated":true}]}}