{"id":6044,"date":"2013-05-21T10:00:29","date_gmt":"2013-05-21T08:00:29","guid":{"rendered":"https:\/\/www.debitos.de\/blog\/?p=6044"},"modified":"2013-05-21T10:00:29","modified_gmt":"2013-05-21T08:00:29","slug":"debitos-spricht-auf-jahreshauptversammlung-des-bfif","status":"publish","type":"post","link":"https:\/\/www.debitos.com\/de\/news\/debitos-spricht-auf-jahreshauptversammlung-des-bfif\/","title":{"rendered":"Debitos spricht auf der Jahreshauptversammlung des BFI&#038;F"},"content":{"rendered":"<p><a href=\"http:\/\/www.debitos.de\/\"><img decoding=\"async\" class=\"size-medium wp-image-6064 alignright\" title=\"Debitos auf der Jahreshauptversammlung des BFI&amp;F\" src=\"http:\/\/blog.debitos.de\/wp-content\/uploads\/2013\/05\/MG_44881-203x300.jpg\" alt=\"Debitos auf der Jahreshauptversammlung des BFI&amp;F\" width=\"159\" height=\"234\" \/><\/a>Die <a title=\"BFI&amp;F - Jahreshauptversammlung des Bundesverbandes f\u00fcr Inkasso und Forderungsmanagement e.V. \" href=\"http:\/\/bfif.de\/aktuell\/92-jahreshauptversammlung-des-bundesverbandes-fuer-inkasso-und-forderungsmanagement-ev-bfif-ev\" target=\"_blank\">Jahreshauptversammlung des Bundesverbandes f\u00fcr Inkasso und Forderungsmanagement e.V. (BFI&amp;F e.V.)<\/a>\u00a0mit dem Motto \u201eMiteinander-F\u00fcreinander\u201c\u00a0stand in diesem Jahr ganz unter dem Zeichen des von der Bundesregierung geplanten <a title=\"Bundesministerium der Justiz - Mit Transparenz gegen unseri\u00f6se Gesch\u00e4ftspraktiken\" href=\"http:\/\/www.bmj.de\/SharedDocs\/Kurzmeldungen\/DE\/2012\/20120312_Verbraucherschutzpaket.html?nn=1967012\" target=\"_blank\">Gesetzes zur Eind\u00e4mmung unseri\u00f6ser Gesch\u00e4ftspraktiken<\/a>. Der vorliegende Entwurf sieht einen besseren Schutz der Verbraucher vor schwarzen Schafen der Inkassobranche, der Telefonwerbung und des Abmahnwesens vor. Auf der Jahreshauptversammlung wurde nochmals die\u00a0Position des BFI&amp;F e.V. best\u00e4rkt:\u00a0unseri\u00f6se Gesch\u00e4ftspraktiken zu unterbinden ist richtig. Es m\u00fcssen aber auch die Belange der Gl\u00e4ubiger und seri\u00f6ser Inkassounternehmen angemessen ber\u00fccksichtigt werden. Neben diesem brandaktuellen Thema diskutierten die 80 Teilnehmer der verschiedenen Verbands-Mitgliedsunternehmen intensiv auch \u00fcber weitere Marktentwicklungen und Trends im Forderungsmanagement.<br \/>\n<strong>Matthias Becker von Debitos spricht zu Verbandsmitgliedern<\/strong><br \/>\n<a href=\"http:\/\/www.debitos.de\/\"><img decoding=\"async\" class=\"alignleft size-medium wp-image-6067\" title=\"Matthias Becker bei seinem BFI&amp;F-Vortrag\" src=\"http:\/\/blog.debitos.de\/wp-content\/uploads\/2013\/05\/MG_47531-259x300.jpg\" alt=\"Matthias Becker bei seinem BFI&amp;F-Vortrag\" width=\"207\" height=\"240\" \/><\/a>Eine dieser neuen Entwicklungen stellt die\u00a0<a title=\"Debitos - Die Forderungsb\u00f6rse\" href=\"http:\/\/www.debitos.de\" target=\"_blank\">Debitos Forderungsb\u00f6rse<\/a>\u00a0dar. Auch wenn inzwischen \u00fcber 180 qualifizierte K\u00e4ufer auf der Online-Plattform registriert sind, erl\u00e4uterte der erfahrene Jurist und Spezialist im Forderungsmanagement Matthias Becker auf der Hauptversammlung des BFI&amp;F\u00a0die Funktionsweise\u00a0von Debitos. Schlie\u00dflich ist der Online-Forderungskauf f\u00fcr viele der Unternehmer vor Ort ein neues Medium, so dass die anwesenden Teilnehmer \u00e4u\u00dferst dankbar f\u00fcr die detaillierten Ausf\u00fchrungen waren. Neben seiner fachlichen Expertise im Factoring und Forderungsmanagement fesselte auch sein Elan das Publikum und f\u00fchrte im Anschluss an den Vortrag zu einer angeregten Diskussion. Auf diese Weise konnten wir von Debitos einen kleinen Beitrag zum gro\u00dfen Erfolg der Jahreshauptversammlung des Bundesverbandes f\u00fcr Inkasso und Forderungsmanagement e.V. in Bad Homburg beitragen. Wir freuen uns daher ganz besonders auf die n\u00e4chste Veranstaltung.<br \/>\n&nbsp;<\/p>\n","protected":false},"excerpt":{"rendered":"Die Jahreshauptversammlung des Bundesverbandes f\u00fcr Inkasso und Forderungsmanagement e.V. (BFI&amp;F e.V.)\u00a0mit dem Motto \u201eMiteinander-F\u00fcreinander\u201c\u00a0stand in diesem Jahr ganz unter dem Zeichen des von der Bundesregierung geplanten Gesetzes zur Eind\u00e4mmung unseri\u00f6ser Gesch\u00e4ftspraktiken. Der vorliegende Entwurf sieht einen besseren Schutz der Verbraucher vor schwarzen Schafen der Inkassobranche, der Telefonwerbung und des Abmahnwesens vor. Auf der Jahreshauptversammlung wurde&#8230; <a class=\"view-article\" href=\"https:\/\/www.debitos.com\/de\/news\/debitos-spricht-auf-jahreshauptversammlung-des-bfif\/\">mehr erfahren<\/a>","protected":false},"author":3,"featured_media":0,"comment_status":"open","ping_status":"open","sticky":false,"template":"","format":"standard","meta":{"footnotes":""},"categories":[26],"tags":[7,8,9,10,72],"class_list":["post-6044","post","type-post","status-publish","format-standard","hentry","category-events","tag-debitos","tag-forderungsborse","tag-forderungsmanagement","tag-forderungsverkauf","tag-inkasso"],"acf":[],"_links":{"self":[{"href":"https:\/\/www.debitos.com\/de\/wp-json\/wp\/v2\/posts\/6044","targetHints":{"allow":["GET"]}}],"collection":[{"href":"https:\/\/www.debitos.com\/de\/wp-json\/wp\/v2\/posts"}],"about":[{"href":"https:\/\/www.debitos.com\/de\/wp-json\/wp\/v2\/types\/post"}],"author":[{"embeddable":true,"href":"https:\/\/www.debitos.com\/de\/wp-json\/wp\/v2\/users\/3"}],"replies":[{"embeddable":true,"href":"https:\/\/www.debitos.com\/de\/wp-json\/wp\/v2\/comments?post=6044"}],"version-history":[{"count":0,"href":"https:\/\/www.debitos.com\/de\/wp-json\/wp\/v2\/posts\/6044\/revisions"}],"wp:attachment":[{"href":"https:\/\/www.debitos.com\/de\/wp-json\/wp\/v2\/media?parent=6044"}],"wp:term":[{"taxonomy":"category","embeddable":true,"href":"https:\/\/www.debitos.com\/de\/wp-json\/wp\/v2\/categories?post=6044"},{"taxonomy":"post_tag","embeddable":true,"href":"https:\/\/www.debitos.com\/de\/wp-json\/wp\/v2\/tags?post=6044"}],"curies":[{"name":"wp","href":"https:\/\/api.w.org\/{rel}","templated":true}]}}