{"id":4477,"date":"2012-11-27T08:45:16","date_gmt":"2012-11-27T07:45:16","guid":{"rendered":"https:\/\/www.debitos.de\/blog\/?p=4477"},"modified":"2012-11-27T08:45:16","modified_gmt":"2012-11-27T07:45:16","slug":"dailycer-insolvenz-offenbart-schwachen-des-esug","status":"publish","type":"post","link":"https:\/\/www.debitos.com\/de\/news\/dailycer-insolvenz-offenbart-schwachen-des-esug\/","title":{"rendered":"Dailycer Insolvenz offenbart Schw\u00e4chen des ESUG"},"content":{"rendered":"<p>Bereits vor einigen Monaten berichteten wir \u00fcber die <a title=\"Europas gr\u00f6\u00dfter M\u00fcslihersteller nutzt Insolvenz nach ESUG\" href=\"http:\/\/blog.debitos.de\/2012\/06\/26\/europas-groster-muslihersteller-nutzt-insolvenz-nach-esug\/\" target=\"_blank\">Insolvenz des Cerealienproduzenten Dailycer<\/a> berichtet. Europas gr\u00f6\u00dfter Hersteller von Fr\u00fchst\u00fccksflocken hatte Mitte Juni Insolvenz in Eigenverwaltung bei den Amtsgerichten L\u00fcneburg und Tangerm\u00fcnde beantragt und sich so drei Monate Zeit verschafft, um gemeinsam mit dem Insolvenzverwalter Torsten Voss ein tragf\u00e4higes Konzept zur Sanierung des Unternehmens vorzulegen. Voss wurde zudem als Gesch\u00e4ftsf\u00fchrer eingesetzt und berief in dieser Funktion den Dresdner Anwalt Andrew Seidl als ESUG-Sachwalter, um gemeinsam ein Sanierungskonzept zu erarbeiten. Das Team Voss-Seidl hatte bereits in der Vergangenheit in Sachen Insolvenzverwaltung zusammengearbeitet, ist aber bisher noch nicht auf <a title=\"Debitos Forderungsb\u00f6rse - Vorteile f\u00fcr Verk\u00e4ufer\" href=\"https:\/\/www.debitos.de\/static\/70\/vorteile-fur-verkaufer\" target=\"_blank\">Debitos als L\u00f6sung f\u00fcr Liquidit\u00e4tsengp\u00e4sse<\/a> gekommen. Vielleicht ist das in diesem Fall aber auch besser so.<br \/>\n<strong>Richter sieht N\u00e4he von Voss und Seidl problematisch <\/strong><br \/>\nNachdem die gr\u00f6\u00dften Gl\u00e4ubiger im Gl\u00e4ubigerausschuss ihr Einverst\u00e4ndnis erkl\u00e4rt hatten, akzeptierte auch das Gericht in Stendal <a title=\"WirtschaftsWoche - Insolvenzen: Machtkampf ums M\u00fcsli\" href=\"http:\/\/www.wiwo.de\/unternehmen\/handel\/insolvenzen-machtkampf-ums-muesli\/7304372.html\" target=\"_blank\">Andrew Seidl als Sachwalter f\u00fcr die Insolvenz in Eigenverwaltung von Dailycer<\/a>. Allerdings \u00e4u\u00dferte der zust\u00e4ndige Richter Ende August <em>\u201eerhebliche und begr\u00fcndete Zweifel\u201c<\/em> an der Unabh\u00e4ngigkeit des Sachwalters. Schlie\u00dflich sei dieser das Kontrollorgan, welches im Sanierungsverfahren die Gesch\u00e4ftsf\u00fchrung \u00fcberwachen soll. So entschied der Richter auch gegen das Votum des Gl\u00e4ubigerausschusses und setzte mit\u00a0Prof. Dr. Lucas Fl\u00f6ther einen anderen Sachwalter ein. Nun stehen sich auf der einen Seite Voss, Seidl und der Gl\u00e4ubigerausschuss und auf der anderen Seite das Landgericht Stendal und der neue Insolvenzverwalter Fl\u00f6ther gegen\u00fcber. W\u00e4hrend Voss darauf pocht, dass seine Gesch\u00e4ftsbeziehungen zu Andrew Seidl nicht gegen dessen Posten als Sachwalter spr\u00e4chen, besteht das Gericht auf Unabh\u00e4ngigkeit des Beauftragten vom Gesch\u00e4ftsf\u00fchrer und den Gl\u00e4ubigerbanken. Im November muss nun eine Gl\u00e4ubigerversammlung stattfinden, um dort einen neuen Sachwalter zu w\u00e4hlen.<br \/>\n<strong>Liquidit\u00e4t dank Debitos statt juristischer Fallstricke<\/strong><br \/>\nDer Fall Daylicer zeigt, dass das neue Insolvenzverfahren nach dem <a title=\"Debitos Blog - Ab 1. M\u00e4rz 2012 gilt das neue Insolvenzrecht\" href=\"http:\/\/blog.debitos.de\/2012\/02\/29\/ab-1-marz-2012-gilt-das-neue-insolvenzrecht\/\" target=\"_blank\">ESUG<\/a> auch in sein Gegenteil verkehrt und statt einer unb\u00fcrokratischeren Rettung einen komplizierten Rechtsstreit nach sich ziehen kann. Dieser blockiert das Tagesgesch\u00e4ft und ist somit auch sch\u00e4dlich f\u00fcr die angestrebte Sanierung.\u00a0So standen die M\u00fcsli-M\u00fchlen in Tangerm\u00fcnde wochenlang still, weil der von der Deutschen Kreditbank vergebene Massekredit wegbrach. Dies f\u00f6rdert nat\u00fcrlich nicht gerade das Interesse potenzieller Investoren und Gl\u00e4ubiger. Der Verkauf offener Forderungen \u00fcber die\u00a0<a title=\"Debitos - Die Forderungsb\u00f6rse\" href=\"http:\/\/debitos.de\/\" target=\"_blank\">Debitos Forderungsb\u00f6rse<\/a>\u00a0hingegen schafft sofortige Liquidit\u00e4t und beruhigt damit alle Beteiligten eines Insolvenzverfahrens.<br \/>\n&nbsp;<\/p>\n","protected":false},"excerpt":{"rendered":"Bereits vor einigen Monaten berichteten wir \u00fcber die Insolvenz des Cerealienproduzenten Dailycer berichtet. Europas gr\u00f6\u00dfter Hersteller von Fr\u00fchst\u00fccksflocken hatte Mitte Juni Insolvenz in Eigenverwaltung bei den Amtsgerichten L\u00fcneburg und Tangerm\u00fcnde beantragt und sich so drei Monate Zeit verschafft, um gemeinsam mit dem Insolvenzverwalter Torsten Voss ein tragf\u00e4higes Konzept zur Sanierung des Unternehmens vorzulegen. Voss wurde&#8230; <a class=\"view-article\" href=\"https:\/\/www.debitos.com\/de\/news\/dailycer-insolvenz-offenbart-schwachen-des-esug\/\">mehr erfahren<\/a>","protected":false},"author":3,"featured_media":0,"comment_status":"open","ping_status":"open","sticky":false,"template":"","format":"standard","meta":{"footnotes":""},"categories":[2],"tags":[9,10,11],"class_list":["post-4477","post","type-post","status-publish","format-standard","hentry","category-nachrichten-de","tag-forderungsmanagement","tag-forderungsverkauf","tag-insolvenz"],"acf":[],"_links":{"self":[{"href":"https:\/\/www.debitos.com\/de\/wp-json\/wp\/v2\/posts\/4477","targetHints":{"allow":["GET"]}}],"collection":[{"href":"https:\/\/www.debitos.com\/de\/wp-json\/wp\/v2\/posts"}],"about":[{"href":"https:\/\/www.debitos.com\/de\/wp-json\/wp\/v2\/types\/post"}],"author":[{"embeddable":true,"href":"https:\/\/www.debitos.com\/de\/wp-json\/wp\/v2\/users\/3"}],"replies":[{"embeddable":true,"href":"https:\/\/www.debitos.com\/de\/wp-json\/wp\/v2\/comments?post=4477"}],"version-history":[{"count":0,"href":"https:\/\/www.debitos.com\/de\/wp-json\/wp\/v2\/posts\/4477\/revisions"}],"wp:attachment":[{"href":"https:\/\/www.debitos.com\/de\/wp-json\/wp\/v2\/media?parent=4477"}],"wp:term":[{"taxonomy":"category","embeddable":true,"href":"https:\/\/www.debitos.com\/de\/wp-json\/wp\/v2\/categories?post=4477"},{"taxonomy":"post_tag","embeddable":true,"href":"https:\/\/www.debitos.com\/de\/wp-json\/wp\/v2\/tags?post=4477"}],"curies":[{"name":"wp","href":"https:\/\/api.w.org\/{rel}","templated":true}]}}