{"id":4386,"date":"2012-10-31T09:10:23","date_gmt":"2012-10-31T07:10:23","guid":{"rendered":"https:\/\/www.debitos.de\/blog\/?p=4386"},"modified":"2012-10-31T09:10:23","modified_gmt":"2012-10-31T07:10:23","slug":"debitos-nimmt-der-fachkonferenz-sanierung-des-bdu-teil","status":"publish","type":"post","link":"https:\/\/www.debitos.com\/de\/news\/debitos-nimmt-der-fachkonferenz-sanierung-des-bdu-teil\/","title":{"rendered":"Debitos nimmt an der Fachkonferenz Sanierung des BDU teil"},"content":{"rendered":"<p><a href=\"http:\/\/www.bdu.de\/Uebersicht_FV.html?fuseaction=page.content&amp;s_kurzname=FV_SI\" target=\"_blank\"><img decoding=\"async\" class=\"alignleft size-medium wp-image-4389\" title=\"Fachkonferenz Sanierung des BDU\" src=\"http:\/\/blog.debitos.de\/wp-content\/uploads\/2012\/10\/Fachkonferenz-Sanierung-des-BDU-200x300.jpg\" alt=\"Fachkonferenz Sanierung des BDU\" width=\"160\" height=\"240\" \/><\/a>Am 30. Oktober nahm <a title=\"Debitos - Die Forderungsb\u00f6rse\" href=\"http:\/\/www.debitos.de\" target=\"_blank\">Debitos<\/a> an der Fachkonferenz Sanierung des <a title=\"Bundesverband Deutscher Unternehmensberater BDU e.V.\" href=\"http:\/\/www.bdu.de\/\" target=\"_blank\">Bundesverbands Deutscher Unternehmensberater BDU e.V.<\/a> am D\u00fcsseldorfer Flughafen teil und diskutierte mit Experten \u00fcber <em>\u201eNeue Sanierungsperspektiven in Zeiten des <a title=\"Debitos Blog - Ab 1. M\u00e4rz 2012 gilt das neue Insolvenzrecht\" href=\"http:\/\/blog.debitos.de\/2012\/02\/29\/ab-1-marz-2012-gilt-das-neue-insolvenzrecht\/\" target=\"_blank\">ESUG<\/a>\u201c<\/em>. Im intensiven Austausch mit Rechtsanw\u00e4lten, Sachwaltern, Sanierungsberatern und Unternehmensberatern wurde erneut deutlich, dass Sanierungspl\u00e4ne in Eigenverwaltung mittel- und langfristig den Turnaround auch realistisch abbilden. Die oftmals \u00fcbersehene Herausforderung besteht aber gerade darin, notwendige Liquidit\u00e4t f\u00fcr die n\u00e4chsten sechs Wochen im Unternehmen sicherzustellen. Genau hier setzt Deutschlands erste und nach wie vor einzige<a title=\"Debitos - Die Forderungsb\u00f6rse\" href=\"http:\/\/www.debitos.de\" target=\"_blank\">\u00a0Forderungsb\u00f6rse<\/a> an. Der kurzfristige Verkauf von Forderungen mit langen Zahlungszielen \u00fcber Debitos bietet erstmalig ohne Bindung an Rahmenvertr\u00e4ge Zugang zu frischer Liquidit\u00e4t. Da auf diese Weise gleichzeitig die Bilanz verk\u00fcrzt wird, verbessert sich das Rating und er\u00f6ffnet dem Berater weitere Optionen der Sanierung.<br \/>\n<strong>Auch bei Sanierung nach dem ESUG bleibt Transparenz entscheidend<\/strong><br \/>\nBurkhard Jung und sein Kollege und Vorsitzender des BDU-Fachverbands Sanierungs- und Insolvenzberatung Prof. Dr. Paul J. Gro\u00df waren sich einig, dass in der Sanierung noch viel mehr als sonst offene Kommunikation und Transparenz erfolgsentscheidend sind. Daran \u00e4ndere auch das neue Insolvenzrecht ESUG nichts. Eine besondere \u00dcbersetzung f\u00fcr <em>\u201eESUG\u201c<\/em> lieferte im Anschluss Dr. Michael Paul, der die Abk\u00fcrzung mit <em>\u201eEhrlichkeit, Sorgfalt, Umsicht und Geschwindigkeit\u201c<\/em> \u00fcbersetzte. Seiner Meinung nach erfordert die erfolgreiche Sanierung ein enges Zusammenspiel von Experten der jeweils ben\u00f6tigten Einzeldisziplinen \u2013 und nicht einen Zehnk\u00e4mpfer. Martin Lambrecht mahnte hingegen, dass es keine Rechtsmittel g\u00e4be, wenn der Antrag auf ein Insolvenzverfahren in Eigenverwaltung einmal durch das Insolvenzgericht abgelehnt sei. Dar\u00fcber hinaus best\u00fcnde die Gefahr der Insolvenzverschleppung auch bei einem nicht richtig gestellten Antrag. Den Abschluss des Vormittags bildete Prof. Dr. Georg Bitter, der eine Studie zur Reform des \u00dcberschuldungstatbestands vorstellte.<br \/>\n<strong>Experten diskutieren Bescheinigung nach \u00a7270 b der InsO<\/strong><br \/>\n<a href=\"http:\/\/blog.debitos.de\/wp-content\/uploads\/2012\/10\/Diskussion-Dr.-Klaus-Rockel-und-Frank-Frind.jpg\"><img decoding=\"async\" class=\"size-medium wp-image-4392 alignright\" title=\"Diskussion Dr. Klaus Rockel und Frank Frind\" src=\"http:\/\/blog.debitos.de\/wp-content\/uploads\/2012\/10\/Diskussion-Dr.-Klaus-Rockel-und-Frank-Frind-200x300.jpg\" alt=\"Diskussion Dr. Klaus Rockel und Frank Frind\" width=\"160\" height=\"240\" \/><\/a>Der Nachmittag begann mit einem Beitrag von Dr. Klaus Rockel, der die Sicht des<a title=\"Institut der Wirtschaftspr\u00fcfer IDW\" href=\"http:\/\/www.idw.de\/\" target=\"_blank\"> Instituts der Wirtschaftspr\u00fcfer IDW<\/a> auf die Bescheinigung nach \u00a7270 b der Insolvenzordnung (InsO) darlegte. Schlie\u00dflich ist nach diesem Paragraphen Voraussetzung f\u00fcr die Einleitung des Schutzschirmverfahrens, dass der Schuldner mit dem Er\u00f6ffnungsantrag eine mit den Gr\u00fcnden versehene Bescheinigung einer in Insolvenzsachen erfahrenen Person vorlegt, aus der die drohende Zahlungsunf\u00e4higkeit oder \u00dcberschuldung aber keine Zahlungsunf\u00e4higkeit hervorgeht und mit der bescheinigt wird, dass die angestrebte Sanierung nicht offensichtlich aussichtslos ist. Besonders interessant war die Antwort von Frank Frind, Richter am Insolvenzgericht Hamburg. Er mahnte an, dass das ESUG <em>\u201eauslegungsbed\u00fcrftig da schlecht formuliert\u201c<\/em> sei und daher umso wichtiger sei, dass die betroffenen Berufsst\u00e4nde zusammenarbeiten anstatt sich verbal zu bekriegen. Au\u00dferdem betonte er, dass auch unter dem ESUG das Ziel <em>\u201edie bestm\u00f6gliche Befriedigung der Gl\u00e4ubiger\u201c<\/em> sei \u2013 auch wenn das f\u00fcr Arbeitnehmer leider unter Umst\u00e4nden ein schlechteres Ergebnis als eine Sanierung bedeute. Wir alle m\u00fcssten verstehen, dass Insolvenzrichter wie er <em>\u201ein Paragraphen denken. Daher mag ich auch nichts woran man rumkneten kann. Und deshalb bin ich kein Fan vom Gesetzgeber.\u201c<\/em> Klare und erfrischende Worte eines Mannes aus der Praxis. Und da mir Herr Frind so unglaublich gut gefallen hat, m\u00f6chte ich auch mit seinen Worten schlie\u00dfen. <em>\u201eSo. Nun mach\u2018 ich Schlu\u00df. Sonst flippt hier noch die Uhr aus.\u201c<\/em><br \/>\n&nbsp;<\/p>\n","protected":false},"excerpt":{"rendered":"Am 30. Oktober nahm Debitos an der Fachkonferenz Sanierung des Bundesverbands Deutscher Unternehmensberater BDU e.V. am D\u00fcsseldorfer Flughafen teil und diskutierte mit Experten \u00fcber \u201eNeue Sanierungsperspektiven in Zeiten des ESUG\u201c. Im intensiven Austausch mit Rechtsanw\u00e4lten, Sachwaltern, Sanierungsberatern und Unternehmensberatern wurde erneut deutlich, dass Sanierungspl\u00e4ne in Eigenverwaltung mittel- und langfristig den Turnaround auch realistisch abbilden. Die&#8230; <a class=\"view-article\" href=\"https:\/\/www.debitos.com\/de\/news\/debitos-nimmt-der-fachkonferenz-sanierung-des-bdu-teil\/\">mehr erfahren<\/a>","protected":false},"author":2,"featured_media":0,"comment_status":"open","ping_status":"open","sticky":false,"template":"","format":"standard","meta":{"footnotes":""},"categories":[26],"tags":[7,11],"class_list":["post-4386","post","type-post","status-publish","format-standard","hentry","category-events","tag-debitos","tag-insolvenz"],"acf":[],"_links":{"self":[{"href":"https:\/\/www.debitos.com\/de\/wp-json\/wp\/v2\/posts\/4386","targetHints":{"allow":["GET"]}}],"collection":[{"href":"https:\/\/www.debitos.com\/de\/wp-json\/wp\/v2\/posts"}],"about":[{"href":"https:\/\/www.debitos.com\/de\/wp-json\/wp\/v2\/types\/post"}],"author":[{"embeddable":true,"href":"https:\/\/www.debitos.com\/de\/wp-json\/wp\/v2\/users\/2"}],"replies":[{"embeddable":true,"href":"https:\/\/www.debitos.com\/de\/wp-json\/wp\/v2\/comments?post=4386"}],"version-history":[{"count":0,"href":"https:\/\/www.debitos.com\/de\/wp-json\/wp\/v2\/posts\/4386\/revisions"}],"wp:attachment":[{"href":"https:\/\/www.debitos.com\/de\/wp-json\/wp\/v2\/media?parent=4386"}],"wp:term":[{"taxonomy":"category","embeddable":true,"href":"https:\/\/www.debitos.com\/de\/wp-json\/wp\/v2\/categories?post=4386"},{"taxonomy":"post_tag","embeddable":true,"href":"https:\/\/www.debitos.com\/de\/wp-json\/wp\/v2\/tags?post=4386"}],"curies":[{"name":"wp","href":"https:\/\/api.w.org\/{rel}","templated":true}]}}