{"id":18021,"date":"2019-07-22T11:23:59","date_gmt":"2019-07-22T09:23:59","guid":{"rendered":"https:\/\/www.debitos.com\/?p=18021"},"modified":"2019-07-22T11:23:59","modified_gmt":"2019-07-22T09:23:59","slug":"2019-zahl-der-insolvenzen-wird-weltweit-steigen","status":"publish","type":"post","link":"https:\/\/www.debitos.com\/de\/news\/2019-zahl-der-insolvenzen-wird-weltweit-steigen\/","title":{"rendered":"2019: Zahl der Insolvenzen wird weltweit steigen"},"content":{"rendered":"<p>Erstmals seit Ausbruch der Wirtschafts- und Finanzkrise wird sich die Zahl der Insolvenzen weltweit wieder erh\u00f6hen. Eine aktuelle Studie des Kreditversicherungsunternehmens Atradius geht davon aus, dass die Firmenpleiten in diesem Jahr um voraussichtlich zwei Prozent im Vergleich zum Vorjahr steigen werden. Von der Entwicklung besonders betroffen ist dabei Westeuropa.<\/p>\n<p>Als Grund f\u00fcr die Zunahme f\u00fchrt Atradius die seit der Finanzkrise weltweit gestiegene Verschuldung vieler Unternehmen an. So hat sich die globale Situation zwar inzwischen bis zur Jahresmitte etwas erholt. Dennoch tr\u00fcben die anhaltenden handelspolitischen Konflikte den Wirtschaftsausblick weiter ein. Dadurch erh\u00f6hen sich auch die Unw\u00e4gbarkeiten f\u00fcr Unternehmungen.<\/p>\n<p>Beim Vergleich der Weltregionen fallen die Aussichten f\u00fcr Westeuropa besonders schlecht aus. Die Zahl der Insolvenzen steigt hier voraussichtlich um drei Prozent. Sowohl in Nordamerika (ein Prozent) als auch in der Asien-Pazifik-Region (zwei Prozent) ist mit einer weniger deutlichen Zunahme der Insolvenzen zu rechnen. Ursache f\u00fcr den h\u00f6heren Anstieg in Westeuropa ist Atradius zufolge die sich abk\u00fchlende Konjunktur \u2013 bedingt durch eine sich verschlechternde Exportnachfrage. <a href=\"https:\/\/www.cash-online.de\/investmentfonds\/2019\/weltweite-insolvenzen-steigen-erstmals-seit-finanz-und-wirtschaftskrise-wieder-an\/473929\" target=\"_blank\" rel=\"noopener\">Cash<\/a><\/p>\n","protected":false},"excerpt":{"rendered":"Gr\u00f6\u00dfte Zunahme der Firmenpleiten in Westeuropa erwartet.","protected":false},"author":2,"featured_media":18044,"comment_status":"closed","ping_status":"closed","sticky":false,"template":"","format":"standard","meta":{"footnotes":""},"categories":[2],"tags":[],"class_list":["post-18021","post","type-post","status-publish","format-standard","has-post-thumbnail","hentry","category-nachrichten-de"],"acf":[],"_links":{"self":[{"href":"https:\/\/www.debitos.com\/de\/wp-json\/wp\/v2\/posts\/18021","targetHints":{"allow":["GET"]}}],"collection":[{"href":"https:\/\/www.debitos.com\/de\/wp-json\/wp\/v2\/posts"}],"about":[{"href":"https:\/\/www.debitos.com\/de\/wp-json\/wp\/v2\/types\/post"}],"author":[{"embeddable":true,"href":"https:\/\/www.debitos.com\/de\/wp-json\/wp\/v2\/users\/2"}],"replies":[{"embeddable":true,"href":"https:\/\/www.debitos.com\/de\/wp-json\/wp\/v2\/comments?post=18021"}],"version-history":[{"count":23,"href":"https:\/\/www.debitos.com\/de\/wp-json\/wp\/v2\/posts\/18021\/revisions"}],"predecessor-version":[{"id":18049,"href":"https:\/\/www.debitos.com\/de\/wp-json\/wp\/v2\/posts\/18021\/revisions\/18049"}],"wp:featuredmedia":[{"embeddable":true,"href":"https:\/\/www.debitos.com\/de\/wp-json\/wp\/v2\/media\/18044"}],"wp:attachment":[{"href":"https:\/\/www.debitos.com\/de\/wp-json\/wp\/v2\/media?parent=18021"}],"wp:term":[{"taxonomy":"category","embeddable":true,"href":"https:\/\/www.debitos.com\/de\/wp-json\/wp\/v2\/categories?post=18021"},{"taxonomy":"post_tag","embeddable":true,"href":"https:\/\/www.debitos.com\/de\/wp-json\/wp\/v2\/tags?post=18021"}],"curies":[{"name":"wp","href":"https:\/\/api.w.org\/{rel}","templated":true}]}}