{"id":17954,"date":"2019-07-08T15:28:56","date_gmt":"2019-07-08T13:28:56","guid":{"rendered":"https:\/\/www.debitos.com\/?p=17954"},"modified":"2019-07-08T15:28:56","modified_gmt":"2019-07-08T13:28:56","slug":"christine-lagarde-wird-neue-ezb-praesidentin","status":"publish","type":"post","link":"https:\/\/www.debitos.com\/de\/news\/christine-lagarde-wird-neue-ezb-praesidentin\/","title":{"rendered":"Christine Lagarde wird neue EZB-Pr\u00e4sidentin"},"content":{"rendered":"<p>Jubel und ein bisschen Kritik: Die IWF-Chefin Christine Lagarde wird ab November Mario Draghi (71) an der Spitze der EZB abl\u00f6sen. Laut Medienberichten haben sich am vergangenen Dienstag die Staats- und Regierungschefs der Europ\u00e4ischen Union darauf geeignet, die 63-J\u00e4hrige als neue EZB-Pr\u00e4sidentin zu nominieren. Lagarde wird ihr neues Amt voraussichtlich ab November dieses Jahres bekleiden; Ende Oktober l\u00e4uft die Amtszeit Draghis ab.<\/p>\n<p>Die studierte Juristin leitet seit 2011 den IWF in Washington. Zuvor war Lagarde Wirtschafts- und Finanzministerin in Frankreich (2007-2011). Laut dem Magazin \u201eForbes\u201c z\u00e4hlt die Franz\u00f6sin als drittm\u00e4chtigste Frau der Welt \u2013 nach Angela Merkel und Theresa May.<\/p>\n<p>Einem Bericht der FAZ zufolge gilt die Kompetenz der Franz\u00f6sin in Fachkreisen als unumstritten. Sie z\u00e4hle zu dem Lager der \u201eTauben\u201c, also den Vertretern, die f\u00fcr eine lockerere Geldpolitik stehen. Es wird allgemein erwartet, dass Lagarde den EZB-Kurs des billigen Geldes fortsetzt. Auch an der B\u00f6rse sorgte die Bekanntgabe f\u00fcr viel Begeisterung: Am Folgetag schoss der DAX prompt in die H\u00f6he und schaffte den Sprung \u00fcber die Marke von 12.600 Punkten.<\/p>\n<p>Zugleich werfen Kritiker der 63-J\u00e4hrigen ihre damaligen Meinungs\u00e4u\u00dferungen im Zusammenhang mit der Euro-Krise vor. Lagarde hatte sich nach Ausbruch der Schuldenkrise am Sch\u00fcren der Rettungskreditpakete f\u00fcr Griechenlang beteiligt, die mitunter als Versto\u00df gegen die sogenannte \u201eNo Bailout\u201c-Klausel angesehen werden. Demnach haftet kein EU-Mitgliedsstaat f\u00fcr Schulden und Verbindlichkeiten eines anderen Mitgliedsstaates.<\/p>\n<p>Bis zur Wahl im Herbst wird Lagarde ihr Amt als IWF-Chefin ruhen lassen. Wer umgekehrt ihren Posten an der Spitze des W\u00e4hrungsfonds einnehmen wird, ist noch unklar. Traditionell wird das Amt von einem Europ\u00e4er besetzt. <a href=\"https:\/\/www.faz.net\/aktuell\/finanzen\/applaus-fuer-lagarde-und-ein-paar-buhrufe-16266652.html\" target=\"_blank\" rel=\"noopener\">FAZ<\/a>; <a href=\"https:\/\/www.n-tv.de\/wirtschaft\/Wofuer-steht-Christine-Lagarde-article21128897.html\" target=\"_blank\" rel=\"noopener\">n-tv<\/a><\/p>\n<p>&nbsp;<\/p>\n","protected":false},"excerpt":{"rendered":"IWF-Chefin l\u00f6st Mario Draghi an der Spitze der europ\u00e4ischen Notenbank ab.","protected":false},"author":2,"featured_media":17957,"comment_status":"closed","ping_status":"closed","sticky":false,"template":"","format":"standard","meta":{"footnotes":""},"categories":[2],"tags":[],"class_list":["post-17954","post","type-post","status-publish","format-standard","has-post-thumbnail","hentry","category-nachrichten-de"],"acf":[],"_links":{"self":[{"href":"https:\/\/www.debitos.com\/de\/wp-json\/wp\/v2\/posts\/17954","targetHints":{"allow":["GET"]}}],"collection":[{"href":"https:\/\/www.debitos.com\/de\/wp-json\/wp\/v2\/posts"}],"about":[{"href":"https:\/\/www.debitos.com\/de\/wp-json\/wp\/v2\/types\/post"}],"author":[{"embeddable":true,"href":"https:\/\/www.debitos.com\/de\/wp-json\/wp\/v2\/users\/2"}],"replies":[{"embeddable":true,"href":"https:\/\/www.debitos.com\/de\/wp-json\/wp\/v2\/comments?post=17954"}],"version-history":[{"count":4,"href":"https:\/\/www.debitos.com\/de\/wp-json\/wp\/v2\/posts\/17954\/revisions"}],"predecessor-version":[{"id":17964,"href":"https:\/\/www.debitos.com\/de\/wp-json\/wp\/v2\/posts\/17954\/revisions\/17964"}],"wp:featuredmedia":[{"embeddable":true,"href":"https:\/\/www.debitos.com\/de\/wp-json\/wp\/v2\/media\/17957"}],"wp:attachment":[{"href":"https:\/\/www.debitos.com\/de\/wp-json\/wp\/v2\/media?parent=17954"}],"wp:term":[{"taxonomy":"category","embeddable":true,"href":"https:\/\/www.debitos.com\/de\/wp-json\/wp\/v2\/categories?post=17954"},{"taxonomy":"post_tag","embeddable":true,"href":"https:\/\/www.debitos.com\/de\/wp-json\/wp\/v2\/tags?post=17954"}],"curies":[{"name":"wp","href":"https:\/\/api.w.org\/{rel}","templated":true}]}}