{"id":17370,"date":"2019-05-02T17:34:53","date_gmt":"2019-05-02T15:34:53","guid":{"rendered":"https:\/\/www.debitos.com\/?p=17370"},"modified":"2019-05-02T17:34:53","modified_gmt":"2019-05-02T15:34:53","slug":"knv-insolvenz-die-gesamte-buchbranche-zittert-mit","status":"publish","type":"post","link":"https:\/\/www.debitos.com\/de\/news\/knv-insolvenz-die-gesamte-buchbranche-zittert-mit\/","title":{"rendered":"KNV-Insolvenz: Die gesamte Buchbranche zittert mit"},"content":{"rendered":"<p><strong><em>Mitte Februar meldete der Buchgro\u00dfh\u00e4ndler KNV am Amtsgericht Stuttgart Insolvenz an, da Gespr\u00e4che mit einem Gro\u00dfinvestor geplatzt waren \u2013 ein Schock, den die Branche noch immer nicht richtig verdaut hat. Mittlerweile liegen die Gutachten von Insolvenzverwalter Tobias Wahl vor; am 1. Mai wurde das Insolvenzverfahren offiziell er\u00f6ffnet. <\/em><\/strong><\/p>\n<p>Die Hoffnung ist gro\u00df, dass sich f\u00fcr den Gro\u00dfh\u00e4ndler Koch, Neff und Volckmar ein neuer Geldgeber finden wird. Denn KNV ist f\u00fcr die Branche \u201esystemrelevant\u201c \u2013 eine Beschreibung, die eher aus der Bankenwelt bekannt ist. Damit gemeint sind Finanzinstitute, die zu gro\u00df sind, um sie bankrott gehen zu lassen (\u201etoo big to fail\u201c). Eine Pleite h\u00e4tte dann dramatische Folgen f\u00fcr das gesamte Wirtschaftssystem \u2013 im Falle von KNV w\u00fcrde sie den gesamten Buchmarkt bis in die Grundfesten ersch\u00fcttern, wenn sich dieser neue Geldgeber nicht finden l\u00e4sst.<\/p>\n<p>KNV ist einer von drei gro\u00dfen Barsortimentern in Deutschland \u2013 neben Libri und Umbreit. Die Gro\u00dfh\u00e4ndler haben f\u00fcr den deutschen Buchmarkt eine ganz besondere Bedeutung: Sie kaufen den Verlagen ihre B\u00fccher ab \u2013 und liefern sie innerhalb von 24 Stunden in jede angeschlossene Buchfiliale. Im gro\u00dfen KNV-Logistiklager in Erfurt liegen aktuell knapp 600.000 Artikel von mehr als 6.000 Verlagen. Mehr als 5.000 Buchh\u00e4ndler in Deutschland, \u00d6sterreich und der Schweiz erhalten ihre B\u00fccher von dort.<\/p>\n<p>Die Branche zeigt sich aktuell solidarisch mit KNV \u2013 sie hat aber auch gar keine andere Wahl. Denn wenn der Riese f\u00e4llt, sind die Folgen dramatisch: Mit m\u00f6glicherweise l\u00e4ngeren Lieferzeiten w\u00fcrde der station\u00e4re Buchhandel hinter dem gro\u00dfen E-Commercer Amazon zur\u00fcckfallen, der Druckerzeugnisse in aller Regel von heute auf morgen liefert. Umsatzeinbu\u00dfen in der ohnehin schon eher klammen Branche w\u00e4ren geradezu vorprogrammiert.<\/p>\n<p>Auch f\u00fcr die Verlage h\u00e4tte eine KNV-Pleite h\u00f6chst unangenehme Folgen: Sie m\u00fcssten auf eigene Faust neue oder zumindest zus\u00e4tzliche Vertriebswege aufbauen \u2013 das ist zeit- und kostenintensiv. Denn die konkurrierenden Barsortimenter w\u00e4ren schlicht und ergreifend nicht in der Lage, das zus\u00e4tzliche Volumen aufzufangen.<\/p>\n<h4>Ums\u00e4tze von Weihnachten bleiben offen<\/h4>\n<p>So oder so wirkt sich die Insolvenz von KNV schon jetzt erheblich auf die Verlage aus. Denn KNV kauft die B\u00fccher ebenso wie die anderen Barsortimenter oftmals mit dreimonatigem Zahlungsziel. Das bedeutet, dass viele Verlage wohl den Umsatz von drei Monaten abschreiben k\u00f6nnen. Darunter fallen auch Verk\u00e4ufe aus dem lukrativen Weihnachtsgesch\u00e4ft. Aus der Branche h\u00f6rt man bereits, dass kleinere Verlage teilweise bis zu 100.000 Euro verlieren k\u00f6nnten. Und ob der Insolvenzverwalter den Firmen zumindest noch eine kleine Quote auszahlen kann, steht aktuell in den Sternen.<\/p>\n<p>Zuversicht verbreitet derweil der B\u00f6rsenverein des deutschen Buchhandels: Hauptgesch\u00e4ftsf\u00fchrer Alexander Skipis meint, die Krise bei KNV habe zumindest nichts mit einem schw\u00e4chelnden Buchmarkt zu tun. Ganz im Gegenteil: Der Branche ginge es aktuell gut. Aber stimmt das tats\u00e4chlich? Die aktuellen Zahlen und Fakten zum Buchmarkt sprechen eine ganz andere Sprache.<\/p>\n<h4>Buchhandel k\u00e4mpft seit Jahren<\/h4>\n<p>Die Ums\u00e4tze in der Branche sinken seit Jahren \u2013 nicht dramatisch, aber doch stetig. Besonders der station\u00e4re Handel hat schon lange zu k\u00e4mpfen: 2008 lag der Umsatz noch bei mehr als f\u00fcnf Milliarden Euro; mittlerweile setzen die Buchhandlungen hierzulande nur noch rund vier Milliarden Euro um. Im gleichen Zeitraum stieg der Absatz im Versandbuchhandel inklusive Internet von 1,35 auf 1,84 Milliarden Euro.<\/p>\n<p>Die Digitalisierung tritt auf der Stelle: E-Books spielen mit einem Umsatzanteil von etwa f\u00fcnf Prozent bisher so gut wie keine Rolle. Und pikanterweise werden Online-Titel vorrangig von Amazon verkauft \u2013 dem erkl\u00e4rten Todfeind der Branche.<\/p>\n<h4>Immer weniger K\u00e4ufer<\/h4>\n<p>Eines der Hauptprobleme ist, dass dem Buchmarkt \u00fcber alle Altersgruppen hinweg schlicht und ergreifend die K\u00e4ufer wegbrechen: 2012 griffen noch 37 Millionen Deutsche zu Buch oder E-Book; 2017 waren es rund acht Millionen Menschen weniger. Da hilft es auch nicht, dass die durchschnittlichen Ausgaben pro K\u00e4ufer im gleichen Zeitraum um knapp zwanzig Euro deutlich gestiegen sind.<\/p>\n<p>Lesen liegt laut einer 2017er Umfrage des B\u00f6rsenvereins des deutschen Buchhandels nur noch auf Rang 13 der Lieblingsbesch\u00e4ftigungen der Deutschen \u2013 weit abgeschlagen hinter Fernsehen oder dem Surfen im Internet. Besonders vom j\u00fcngeren Teil der Bev\u00f6lkerung wird das Buch als nicht mehr zeitgem\u00e4\u00df empfunden. Denn die Rezeption ver\u00e4ndert sich: \u00dcber eine digitale Oberfl\u00e4che l\u00e4sst sich ein Text bequem wegklicken, wenn Langeweile aufkommt \u2013 eine M\u00f6glichkeit, auf die viele nicht mehr verzichten k\u00f6nnen.<\/p>\n<h4>Kulturgut in Gefahr?<\/h4>\n<p>Im Sommer 2018 hatte Florian Illies im Nachrichtenmagazin Der Spiegel noch vollmundig erkl\u00e4rt, das Buch sei \u201eunzerst\u00f6rbar\u201c. Ob der Chef des Rowohlt Verlags tats\u00e4chlich recht beh\u00e4lt, wird wohl nur die Zukunft zeigen. Aufgrund der aktuellen Entwicklungen steht zu bef\u00fcrchten, dass das Kulturgut \u201eBuch\u201c \u00fcber kurz oder lang doch zum Auslaufmodell wird.<\/p>\n<p><em>Die Kolumne wurde zuerst auf <a href=\"https:\/\/www.focus.de\/finanzen\/experten\/peter_riedel\/buchgrosshaendler-sucht-investor-knv-insolvenz-die-gesamte-buchbranche-zittert-mit_id_10660762.html\" target=\"_blank\" rel=\"noopener\">Focus.de<\/a> ver\u00f6ffentlicht.<\/em><\/p>\n","protected":false},"excerpt":{"rendered":"Eine Kolumne von Peter Riedel, Managing Director der Debitos GmbH","protected":false},"author":16,"featured_media":17371,"comment_status":"closed","ping_status":"closed","sticky":false,"template":"","format":"standard","meta":{"footnotes":""},"categories":[2],"tags":[],"class_list":["post-17370","post","type-post","status-publish","format-standard","has-post-thumbnail","hentry","category-nachrichten-de"],"acf":[],"_links":{"self":[{"href":"https:\/\/www.debitos.com\/de\/wp-json\/wp\/v2\/posts\/17370","targetHints":{"allow":["GET"]}}],"collection":[{"href":"https:\/\/www.debitos.com\/de\/wp-json\/wp\/v2\/posts"}],"about":[{"href":"https:\/\/www.debitos.com\/de\/wp-json\/wp\/v2\/types\/post"}],"author":[{"embeddable":true,"href":"https:\/\/www.debitos.com\/de\/wp-json\/wp\/v2\/users\/16"}],"replies":[{"embeddable":true,"href":"https:\/\/www.debitos.com\/de\/wp-json\/wp\/v2\/comments?post=17370"}],"version-history":[{"count":3,"href":"https:\/\/www.debitos.com\/de\/wp-json\/wp\/v2\/posts\/17370\/revisions"}],"predecessor-version":[{"id":17378,"href":"https:\/\/www.debitos.com\/de\/wp-json\/wp\/v2\/posts\/17370\/revisions\/17378"}],"wp:featuredmedia":[{"embeddable":true,"href":"https:\/\/www.debitos.com\/de\/wp-json\/wp\/v2\/media\/17371"}],"wp:attachment":[{"href":"https:\/\/www.debitos.com\/de\/wp-json\/wp\/v2\/media?parent=17370"}],"wp:term":[{"taxonomy":"category","embeddable":true,"href":"https:\/\/www.debitos.com\/de\/wp-json\/wp\/v2\/categories?post=17370"},{"taxonomy":"post_tag","embeddable":true,"href":"https:\/\/www.debitos.com\/de\/wp-json\/wp\/v2\/tags?post=17370"}],"curies":[{"name":"wp","href":"https:\/\/api.w.org\/{rel}","templated":true}]}}